{"id":1049,"date":"2014-09-02T17:24:00","date_gmt":"2014-09-02T14:24:00","guid":{"rendered":"https:\/\/ies9-juj.infd.edu.ar\/sitio\/inscripcion-postitulos-programa-nacional-de-formacion-permanente\/"},"modified":"2014-09-02T17:24:00","modified_gmt":"2014-09-02T14:24:00","slug":"inscripcion-postitulos-programa-nacional-de-formacion-permanente","status":"publish","type":"post","link":"https:\/\/ies9-juj.infd.edu.ar\/sitio\/inscripcion-postitulos-programa-nacional-de-formacion-permanente\/","title":{"rendered":"Inscripci\u00f3n Post\u00edtulos-Programa Nacional de Formaci\u00f3n Permanente"},"content":{"rendered":"<div style=\"color: #000000; font-family: HelveticaNeue, 'Helvetica Neue', Helvetica, Arial, 'Lucida Grande', sans-serif; font-size: 19px;\">Estimados Rectores:<\/p>\n<div style=\"color: #000000; font-family: HelveticaNeue, 'Helvetica Neue', Helvetica, Arial, 'Lucida Grande', sans-serif; font-size: 19px;\">Nos ponemos en contacto con ustedes a los efectos de informarles que el Ministerio de Educaci&oacute;n de la Naci&oacute;n en el marco del PNFP, ha lanzado la inscripci&oacute;n hasta el pr&oacute;ximo 05 de setiembre para los siguientes post&iacute;tulos:<\/div>\n<div style=\"color: #000000; font-family: HelveticaNeue, 'Helvetica Neue', Helvetica, Arial, 'Lucida Grande', sans-serif; font-size: 19px; background-color: transparent;\">Alfabetizaci&oacute;n Inicial<\/div>\n<div style=\"color: #000000; font-family: HelveticaNeue, 'Helvetica Neue', Helvetica, Arial, 'Lucida Grande', sans-serif; font-size: 19px;\">Ciencias Sociales y su ense&ntilde;anza<\/div>\n<div style=\"color: #000000; font-family: HelveticaNeue, 'Helvetica Neue', Helvetica, Arial, 'Lucida Grande', sans-serif; font-size: 19px;\">Educaci&oacute;n y Derechos Humanos<\/div>\n<div style=\"color: #000000; font-family: HelveticaNeue, 'Helvetica Neue', Helvetica, Arial, 'Lucida Grande', sans-serif; font-size: 19px;\">Escritura y Literatura para la escuela secundaria<\/div>\n<div style=\"color: #000000; font-family: HelveticaNeue, 'Helvetica Neue', Helvetica, Arial, 'Lucida Grande', sans-serif; font-size: 19px;\">Matem&aacute;tica en la escuela primaria<\/div>\n<div style=\"color: #000000; font-family: HelveticaNeue, 'Helvetica Neue', Helvetica, Arial, 'Lucida Grande', sans-serif; font-size: 19px;\">Matem&aacute;tica en la escuela secundaria<\/div>\n<div style=\"color: #000000; font-family: HelveticaNeue, 'Helvetica Neue', Helvetica, Arial, 'Lucida Grande', sans-serif; font-size: 19px;\">Pol&iacute;ticas Socioeducativas<\/div>\n<div style=\"color: #000000; font-family: HelveticaNeue, 'Helvetica Neue', Helvetica, Arial, 'Lucida Grande', sans-serif; font-size: 19px; background-color: transparent;\">Tambi&eacute;n del curso: Educaci&oacute;n Vial para Dicentes<\/div>\n<div style=\"color: #000000; font-family: HelveticaNeue, 'Helvetica Neue', Helvetica, Arial, 'Lucida Grande', sans-serif; font-size: 19px;\">La direcci&oacute;n donde podr&aacute;n encontrar mayor informaci&oacute;n es:<\/div>\n<div style=\"color: #000000; font-family: HelveticaNeue, 'Helvetica Neue', Helvetica, Arial, 'Lucida Grande', sans-serif; font-size: 19px; background-color: transparent;\"><a style=\"color: #1155cc;\" rel=\"nofollow\" href=\"http:\/\/nuestraescuela.educacion.gov.ar\/postitulos\/\" target=\"_blank\">http:\/\/nuestraescuela.educacion.gov.ar\/postitulos\/<\/a><\/div>\n<\/div>\n","protected":false},"excerpt":{"rendered":"<p>Estimados Rectores: Nos ponemos en contacto con ustedes a los efectos de informarles que el Ministerio de Educaci&oacute;n de la Naci&oacute;n en el marco del PNFP, ha lanzado la inscripci&oacute;n hasta el pr&oacute;ximo 05 de setiembre para los siguientes post&iacute;tulos: Alfabetizaci&oacute;n Inicial Ciencias Sociales y su ense&ntilde;anza Educaci&oacute;n y Derechos Humanos Escritura y Literatura para &#8230; <a title=\"Inscripci\u00f3n Post\u00edtulos-Programa Nacional de Formaci\u00f3n Permanente\" class=\"read-more\" href=\"https:\/\/ies9-juj.infd.edu.ar\/sitio\/inscripcion-postitulos-programa-nacional-de-formacion-permanente\/\" aria-label=\"More on Inscripci\u00f3n Post\u00edtulos-Programa Nacional de Formaci\u00f3n Permanente\">[+]<\/a><\/p>\n","protected":false},"author":423,"featured_media":0,"comment_status":"open","ping_status":"open","sticky":false,"template":"","format":"standard","meta":[],"categories":[1],"tags":[],"acf":[],"_links":{"self":[{"href":"https:\/\/ies9-juj.infd.edu.ar\/sitio\/wp-json\/wp\/v2\/posts\/1049"}],"collection":[{"href":"https:\/\/ies9-juj.infd.edu.ar\/sitio\/wp-json\/wp\/v2\/posts"}],"about":[{"href":"https:\/\/ies9-juj.infd.edu.ar\/sitio\/wp-json\/wp\/v2\/types\/post"}],"author":[{"embeddable":true,"href":"https:\/\/ies9-juj.infd.edu.ar\/sitio\/wp-json\/wp\/v2\/users\/423"}],"replies":[{"embeddable":true,"href":"https:\/\/ies9-juj.infd.edu.ar\/sitio\/wp-json\/wp\/v2\/comments?post=1049"}],"version-history":[{"count":0,"href":"https:\/\/ies9-juj.infd.edu.ar\/sitio\/wp-json\/wp\/v2\/posts\/1049\/revisions"}],"wp:attachment":[{"href":"https:\/\/ies9-juj.infd.edu.ar\/sitio\/wp-json\/wp\/v2\/media?parent=1049"}],"wp:term":[{"taxonomy":"category","embeddable":true,"href":"https:\/\/ies9-juj.infd.edu.ar\/sitio\/wp-json\/wp\/v2\/categories?post=1049"},{"taxonomy":"post_tag","embeddable":true,"href":"https:\/\/ies9-juj.infd.edu.ar\/sitio\/wp-json\/wp\/v2\/tags?post=1049"}],"curies":[{"name":"wp","href":"https:\/\/api.w.org\/{rel}","templated":true}]}}