{"id":1257,"date":"2010-06-08T00:00:00","date_gmt":"2010-06-08T00:00:00","guid":{"rendered":"https:\/\/ies9-juj.infd.edu.ar\/sitio\/profesorado-de-educacion-secundaria-de-la-modalidad-tecnico-profesional-en-concurrencia-con-titulo-de-base\/"},"modified":"2010-06-08T00:00:00","modified_gmt":"2010-06-08T00:00:00","slug":"profesorado-de-educacion-secundaria-de-la-modalidad-tecnico-profesional-en-concurrencia-con-titulo-de-base","status":"publish","type":"post","link":"https:\/\/ies9-juj.infd.edu.ar\/sitio\/profesorado-de-educacion-secundaria-de-la-modalidad-tecnico-profesional-en-concurrencia-con-titulo-de-base\/","title":{"rendered":"Profesorado de Educaci\u00f3n Secundaria de la Modalidad T\u00e9cnico Profesional en Concurrencia con T\u00edtulo de Base"},"content":{"rendered":"<p class=\"sitio_noticia_volanta\" >\n<h3>Profesorado de Educaci\u00f3n Secundaria de la Modalidad T\u00e9cnico Profesional en Concurrencia con T\u00edtulo de Base<\/h3>\n<p class=\"sitio_noticia_copete\" >La Provincia de Jujuy cuenta con 18 Escuelas de Educaci\u00f3n T\u00e9cnico Profesional y 11 Institutos de Formaci\u00f3n Docente y T\u00e9cnica, se observa de los planteles docentes, que aproximadamente 370 se encuentran en ejercicio sin t\u00edtulo docente<\/p>\n<hr class=\"sitio_noticia_contenido\" \/>\n<p >\n<p><span style=\"font-size: 10pt;\"><span style=\"font-family: arial,helvetica,sans-serif;\">El IES N&ordm; 9 implementa desde el 14 de mayo el <\/span><\/span><span style=\"font-size: 10pt;\"><span style=\"font-family: arial,helvetica,sans-serif;\"><em><strong>Profesorado de Educaci&oacute;n Secundaria de la Modalidad T&eacute;cnico Profesional en Concurrencia con T&iacute;tulo de Base<\/strong><\/em>, programa especial de formaci&oacute;n en servicio cuya<span style=\"line-height: 130%; letter-spacing: -0.05pt;\"> poblaci&oacute;n destinataria son los siguientes grupos: <\/span><\/span><\/span><\/p>\n<ul>\n<li><span style=\"font-size: 10pt;\"><span style=\"font-family: arial,helvetica,sans-serif;\"><span style=\"line-height: 130%; letter-spacing: -0.05pt;\">D<\/span><span style=\"line-height: 130%;\">ocen<span style=\"letter-spacing: 0.05pt;\">t<\/span>es<span style=\"letter-spacing: 2.25pt;\"> <\/span><strong>en<span style=\"letter-spacing: 2.2pt;\"> <\/span>e<span style=\"letter-spacing: 0.05pt;\">j<\/span>e<span style=\"letter-spacing: 0.05pt;\">r<\/span>c<span style=\"letter-spacing: -0.05pt;\">i<\/span>c<span style=\"letter-spacing: -0.05pt;\">i<\/span>o<\/strong><span style=\"letter-spacing: 2.2pt;\"> <\/span>en<span style=\"letter-spacing: 2.2pt;\"> <\/span>escue<span style=\"letter-spacing: -0.05pt;\">l<\/span>as <span style=\"letter-spacing: 0.05pt;\">t<\/span>&eacute;cn<span style=\"letter-spacing: -0.05pt;\">i<\/span>cas<span style=\"letter-spacing: 0.05pt;\"> <\/span>de<span style=\"letter-spacing: 0.05pt;\"> <\/span>n<span style=\"letter-spacing: -0.05pt;\">i<\/span>vel secunda<span style=\"letter-spacing: 0.05pt;\">r<\/span><span style=\"letter-spacing: -0.05pt;\">i<\/span>o<span style=\"letter-spacing: 0.05pt;\"> <\/span>e<span style=\"letter-spacing: 0.05pt;\"> <\/span><span style=\"letter-spacing: -0.05pt;\">i<\/span>ns<span style=\"letter-spacing: 0.05pt;\">t<\/span><span style=\"letter-spacing: -0.05pt;\">i<\/span><span style=\"letter-spacing: 0.05pt;\">t<\/span>u<span style=\"letter-spacing: 0.05pt;\">t<\/span>os<span style=\"letter-spacing: 0.05pt;\"> t<\/span>&eacute;cn<span style=\"letter-spacing: -0.05pt;\">i<\/span>cos<span style=\"letter-spacing: 0.05pt;\"> <\/span>supe<span style=\"letter-spacing: 0.05pt;\">r<\/span><span style=\"letter-spacing: -0.05pt;\">i<\/span>o<span style=\"letter-spacing: 0.05pt;\">r<\/span>es,<span style=\"letter-spacing: 0.1pt;\"> <\/span>s<span style=\"letter-spacing: -0.05pt;\">i<\/span>n<span style=\"letter-spacing: 0.05pt;\"> t&iacute;t<\/span>u<span style=\"letter-spacing: -0.05pt;\">l<\/span>o<span style=\"letter-spacing: 0.05pt;\"> <\/span>docen<span style=\"letter-spacing: 0.05pt;\">t<\/span>e.<\/span><\/span><\/span><\/li>\n<li><span style=\"font-size: 10pt;\"><span style=\"font-family: arial,helvetica,sans-serif;\">T&eacute;cnicos<span style=\"letter-spacing: 0.9pt;\"> <\/span>de<span style=\"letter-spacing: 0.9pt;\"> <\/span>n<span style=\"letter-spacing: -0.05pt;\">i<\/span>vel<span style=\"letter-spacing: 0.85pt;\"> <\/span>secunda<span style=\"letter-spacing: 0.05pt;\">r<\/span><span style=\"letter-spacing: -0.05pt;\">i<\/span>o,<span style=\"letter-spacing: 0.95pt;\"> <\/span>supe<span style=\"letter-spacing: 0.05pt;\">r<\/span><span style=\"letter-spacing: -0.05pt;\">i<\/span>or<span style=\"letter-spacing: 0.95pt;\"> <\/span>y<span style=\"letter-spacing: 0.65pt;\"> <\/span>de g<span style=\"letter-spacing: 0.05pt;\">r<\/span>ado<span style=\"letter-spacing: 0.65pt;\"> <\/span>un<span style=\"letter-spacing: -0.05pt;\">i<\/span>ve<span style=\"letter-spacing: 0.05pt;\">r<\/span>s<span style=\"letter-spacing: -0.05pt;\">i<\/span><span style=\"letter-spacing: 0.05pt;\">t<\/span>a<span style=\"letter-spacing: 0.05pt;\">r<\/span><span style=\"letter-spacing: -0.05pt;\">i<\/span>o<span style=\"letter-spacing: 0.65pt;\"> <\/span>con<span style=\"letter-spacing: 0.65pt;\"> <\/span><span style=\"letter-spacing: 0.05pt;\">t&iacute;t<\/span>u<span style=\"letter-spacing: -0.05pt;\">l<\/span>os<span style=\"letter-spacing: 0.65pt;\"> <\/span>a<span style=\"letter-spacing: 0.15pt;\">f<\/span><span style=\"letter-spacing: -0.05pt;\">i<\/span>nes<span style=\"letter-spacing: 0.65pt;\"> <\/span>a<span style=\"letter-spacing: 0.65pt;\"> <\/span><span style=\"letter-spacing: -0.05pt;\">l<\/span>as<span style=\"letter-spacing: 0.65pt;\"> <\/span>espec<span style=\"letter-spacing: -0.05pt;\">i<\/span>a<span style=\"letter-spacing: -0.05pt;\">li<\/span>dades<span style=\"letter-spacing: 0.65pt;\"> <\/span>de<span style=\"letter-spacing: 0.65pt;\"> <\/span><span style=\"letter-spacing: -0.05pt;\">l<\/span>a<span style=\"letter-spacing: 0.65pt;\"> <\/span><span style=\"letter-spacing: -0.05pt;\">E<\/span><span style=\"letter-spacing: -0.15pt;\">T<\/span><span style=\"letter-spacing: -0.05pt;\">P<\/span>,<span style=\"letter-spacing: 0.7pt;\"> <\/span>con<span style=\"letter-spacing: 0.55pt;\"> <\/span>expec<span style=\"letter-spacing: 0.05pt;\">t<\/span>a<span style=\"letter-spacing: 0.05pt;\">t<\/span><span style=\"letter-spacing: -0.05pt;\">i<\/span>vas<span style=\"letter-spacing: 0.55pt;\"> <\/span>de <span style=\"letter-spacing: -0.05pt;\">i<\/span>ng<span style=\"letter-spacing: 0.05pt;\">r<\/span>esar<span style=\"letter-spacing: 0.1pt;\"> <\/span>a<span style=\"letter-spacing: 0.05pt;\"> <\/span><span style=\"letter-spacing: -0.05pt;\">l<\/span>a<span style=\"letter-spacing: 0.05pt;\"> <\/span>docenc<span style=\"letter-spacing: -0.05pt;\">i<\/span>a<span style=\"letter-spacing: 0.05pt;\"> (<strong>aspirantes<\/strong>) <\/span>en<span style=\"letter-spacing: 0.05pt;\"> <\/span><span style=\"letter-spacing: -0.05pt;\">l<\/span>os<span style=\"letter-spacing: 0.05pt;\"> <\/span>es<span style=\"letter-spacing: 0.05pt;\">t<\/span>ab<span style=\"letter-spacing: -0.05pt;\">l<\/span>ec<span style=\"letter-spacing: -0.05pt;\">i<\/span><span style=\"letter-spacing: 0.3pt;\">m<\/span><span style=\"letter-spacing: -0.05pt;\">i<\/span>en<span style=\"letter-spacing: 0.05pt;\">t<\/span>os<span style=\"letter-spacing: 0.05pt;\"> <\/span>de<span style=\"letter-spacing: 0.05pt;\"> <\/span><span style=\"letter-spacing: -0.05pt;\">E<\/span><span style=\"letter-spacing: -0.15pt;\">T<\/span><span style=\"letter-spacing: -0.05pt;\">P<\/span><\/span><\/span><\/li>\n<\/ul>\n<p>&nbsp;<\/p>\n<p><span style=\"font-size: 12pt; font-family: Arial;\"><span style=\"font-family: arial,helvetica,sans-serif;\"><span style=\"font-size: 10pt;\">Las clases de car&aacute;cter intensivo se llevan a cabo los d&iacute;as viernes y s&aacute;bados. El Coordinador de Carrera es el Lic. Luis A. Gonz&aacute;lez.<\/span><\/span><br \/><\/span><\/p><\/p>\n","protected":false},"excerpt":{"rendered":"<p>Profesorado de Educaci\u00f3n Secundaria de la Modalidad T\u00e9cnico Profesional en Concurrencia con T\u00edtulo de Base La Provincia de Jujuy cuenta con 18 Escuelas de Educaci\u00f3n T\u00e9cnico Profesional y 11 Institutos de Formaci\u00f3n Docente y T\u00e9cnica, se observa de los planteles docentes, que aproximadamente 370 se encuentran en ejercicio sin t\u00edtulo docente El IES N&ordm; 9 &#8230; <a title=\"Profesorado de Educaci\u00f3n Secundaria de la Modalidad T\u00e9cnico Profesional en Concurrencia con T\u00edtulo de Base\" class=\"read-more\" href=\"https:\/\/ies9-juj.infd.edu.ar\/sitio\/profesorado-de-educacion-secundaria-de-la-modalidad-tecnico-profesional-en-concurrencia-con-titulo-de-base\/\" aria-label=\"More on Profesorado de Educaci\u00f3n Secundaria de la Modalidad T\u00e9cnico Profesional en Concurrencia con T\u00edtulo de Base\">[+]<\/a><\/p>\n","protected":false},"author":423,"featured_media":0,"comment_status":"open","ping_status":"open","sticky":false,"template":"","format":"standard","meta":[],"categories":[51,50],"tags":[],"acf":[],"_links":{"self":[{"href":"https:\/\/ies9-juj.infd.edu.ar\/sitio\/wp-json\/wp\/v2\/posts\/1257"}],"collection":[{"href":"https:\/\/ies9-juj.infd.edu.ar\/sitio\/wp-json\/wp\/v2\/posts"}],"about":[{"href":"https:\/\/ies9-juj.infd.edu.ar\/sitio\/wp-json\/wp\/v2\/types\/post"}],"author":[{"embeddable":true,"href":"https:\/\/ies9-juj.infd.edu.ar\/sitio\/wp-json\/wp\/v2\/users\/423"}],"replies":[{"embeddable":true,"href":"https:\/\/ies9-juj.infd.edu.ar\/sitio\/wp-json\/wp\/v2\/comments?post=1257"}],"version-history":[{"count":0,"href":"https:\/\/ies9-juj.infd.edu.ar\/sitio\/wp-json\/wp\/v2\/posts\/1257\/revisions"}],"wp:attachment":[{"href":"https:\/\/ies9-juj.infd.edu.ar\/sitio\/wp-json\/wp\/v2\/media?parent=1257"}],"wp:term":[{"taxonomy":"category","embeddable":true,"href":"https:\/\/ies9-juj.infd.edu.ar\/sitio\/wp-json\/wp\/v2\/categories?post=1257"},{"taxonomy":"post_tag","embeddable":true,"href":"https:\/\/ies9-juj.infd.edu.ar\/sitio\/wp-json\/wp\/v2\/tags?post=1257"}],"curies":[{"name":"wp","href":"https:\/\/api.w.org\/{rel}","templated":true}]}}