{"id":1278,"date":"2011-06-05T00:00:00","date_gmt":"2011-06-05T00:00:00","guid":{"rendered":"https:\/\/ies9-juj.infd.edu.ar\/sitio\/suspension-de-capacitacion\/"},"modified":"2011-06-05T00:00:00","modified_gmt":"2011-06-05T00:00:00","slug":"suspension-de-capacitacion","status":"publish","type":"post","link":"https:\/\/ies9-juj.infd.edu.ar\/sitio\/suspension-de-capacitacion\/","title":{"rendered":"Suspensi\u00f3n de capacitaci\u00f3n"},"content":{"rendered":"<p class=\"sitio_noticia_volanta\" >\n<h3>Suspensi\u00f3n de capacitaci\u00f3n  <\/h3>\n<p class=\"sitio_noticia_copete\" >Suspensi\u00f3n de capacitaci\u00f3n<\/p>\n<hr class=\"sitio_noticia_contenido\" \/>\n<p >\n<p>Por razones de fuerza mayor se suspendio hasta nuevo aviso,&nbsp;curso de capacitacion:\u00bbe-mail:docentes conectados\u00bb,que debia dictarse los dias 4,5,6 y 7 de junio,las disculpas del caso a todos los que se inscribieron.<\/p>\n<p>Ing. Fregote &#8211; Prof.Balacrce<\/p><\/p>\n","protected":false},"excerpt":{"rendered":"<p>Suspensi\u00f3n de capacitaci\u00f3n Suspensi\u00f3n de capacitaci\u00f3n Por razones de fuerza mayor se suspendio hasta nuevo aviso,&nbsp;curso de capacitacion:\u00bbe-mail:docentes conectados\u00bb,que debia dictarse los dias 4,5,6 y 7 de junio,las disculpas del caso a todos los que se inscribieron. Ing. Fregote &#8211; Prof.Balacrce<\/p>\n","protected":false},"author":423,"featured_media":0,"comment_status":"open","ping_status":"open","sticky":false,"template":"","format":"standard","meta":[],"categories":[51,50],"tags":[],"acf":[],"_links":{"self":[{"href":"https:\/\/ies9-juj.infd.edu.ar\/sitio\/wp-json\/wp\/v2\/posts\/1278"}],"collection":[{"href":"https:\/\/ies9-juj.infd.edu.ar\/sitio\/wp-json\/wp\/v2\/posts"}],"about":[{"href":"https:\/\/ies9-juj.infd.edu.ar\/sitio\/wp-json\/wp\/v2\/types\/post"}],"author":[{"embeddable":true,"href":"https:\/\/ies9-juj.infd.edu.ar\/sitio\/wp-json\/wp\/v2\/users\/423"}],"replies":[{"embeddable":true,"href":"https:\/\/ies9-juj.infd.edu.ar\/sitio\/wp-json\/wp\/v2\/comments?post=1278"}],"version-history":[{"count":0,"href":"https:\/\/ies9-juj.infd.edu.ar\/sitio\/wp-json\/wp\/v2\/posts\/1278\/revisions"}],"wp:attachment":[{"href":"https:\/\/ies9-juj.infd.edu.ar\/sitio\/wp-json\/wp\/v2\/media?parent=1278"}],"wp:term":[{"taxonomy":"category","embeddable":true,"href":"https:\/\/ies9-juj.infd.edu.ar\/sitio\/wp-json\/wp\/v2\/categories?post=1278"},{"taxonomy":"post_tag","embeddable":true,"href":"https:\/\/ies9-juj.infd.edu.ar\/sitio\/wp-json\/wp\/v2\/tags?post=1278"}],"curies":[{"name":"wp","href":"https:\/\/api.w.org\/{rel}","templated":true}]}}