{"id":1285,"date":"2011-09-02T00:00:00","date_gmt":"2011-09-02T00:00:00","guid":{"rendered":"https:\/\/ies9-juj.infd.edu.ar\/sitio\/se-expidio-la-justicia-respecto-al-recurso-de-amparo-de-las-elecciones-para-la-renovacion-del-consejo-directivo-2010\/"},"modified":"2011-09-02T00:00:00","modified_gmt":"2011-09-02T00:00:00","slug":"se-expidio-la-justicia-respecto-al-recurso-de-amparo-de-las-elecciones-para-la-renovacion-del-consejo-directivo-2010","status":"publish","type":"post","link":"https:\/\/ies9-juj.infd.edu.ar\/sitio\/se-expidio-la-justicia-respecto-al-recurso-de-amparo-de-las-elecciones-para-la-renovacion-del-consejo-directivo-2010\/","title":{"rendered":"SE EXPIDI\u00d3 LA JUSTICIA RESPECTO AL RECURSO DE AMPARO DE LAS ELECCIONES PARA LA RENOVACI\u00d3N DEL CONSEJO DIRECTIVO 2010"},"content":{"rendered":"<p class=\"sitio_noticia_volanta\" >\n<h3>SE EXPIDI\u00d3 LA JUSTICIA RESPECTO AL RECURSO DE AMPARO DE LAS ELECCIONES PARA LA RENOVACI\u00d3N DEL CONSEJO DIRECTIVO 2010<\/h3>\n<p class=\"sitio_noticia_copete\" >SE EXPIDI\u00d3 LA JUSTICIA RESPECTO AL RECURSO DE AMPARO DE ELECCIONES RENOVACI\u00d3N CONSEJO DIRECTIVO 2010<\/p>\n<hr class=\"sitio_noticia_contenido\" \/>\n<p >\n<p><span>&nbsp;A la comunidad educativa de nuestra instituci&oacute;n y de nuestra ciudad, hacemos conocer el<\/span><strong><a href=\"http:\/\/www.mejujuy.gov.ar\/blogs\/ifd9\/wp-content\/uploads\/2011\/09\/Expediente-Recurso-Amparo-Elecciones-20101.docx\"><span>Expediente B -241408-2010 del Tribunal en lo Contencioso Aministrativo<\/span><\/a><\/strong><span>&nbsp; referido a las Elecciones para la renovaci&oacute;n del Consejo Directivo que debiera haberse llevado a cabo el 5 de Agosto de 2010 y que fuera interrumpido por un&nbsp;<strong><a href=\"http:\/\/www.mejujuy.gov.ar\/blogs\/ifd9\/wp-content\/uploads\/2011\/09\/mandamiento-amparo.jpg\">Recurso de Amparo<\/a><\/strong>&nbsp;presentado por la Lista Azul y Blanca.-<\/span><\/p>\n<p><a href=\"http:\/\/www.mejujuy.gov.ar\/blogs\/ifd9\/wp-content\/uploads\/2011\/09\/CARTA-ACLARATORIA-DE-LA-SRA-RECTORA.docx\"><strong>Explicaci&oacute;n de la Sra. Rectora por la Falta de Consejo Directivo<\/strong><\/a><\/p>\n<p><a href=\"http:\/\/www.mejujuy.gov.ar\/blogs\/ifd9\/wp-content\/uploads\/2011\/09\/Se%C3%B1ora-Rectora-en-respuesta-al-mail-enviado-en-relacion-a-la-falta-de-consejo-directivo.docx\"><strong>Copia de Nota Original de la Prof. Maria Eugenia Romero a la Sra. Rectora<\/strong><\/a><\/p>\n<p><strong><a href=\"http:\/\/www.mejujuy.gov.ar\/blogs\/ifd9\/wp-content\/uploads\/2011\/09\/Resp-de-la-Sra-Rectora-a-nota-de-la-PROF-Romero.doc\">Respuesta de la Sra Rectora a la nota de la Prof. Maria E. Romero<\/a><\/strong><\/p>\n<p>&nbsp;<\/p>\n<p><strong><span>Lamentamos tan irreparable da&ntilde;o ocasionado a nuestra instituci&oacute;n educativa, que la Justicia supo explicar y la historia lo juzgar&aacute;.-<\/span><\/strong><\/p>\n<p><a href=\"http:\/\/www.justiciajujuy-juris.gov.ar:8081\/frm_resultado_out_sentencias.aspx?id=164329\"><span><strong>LINK DEL TEXTO ORIGINAL DE LA PAGINA DE LA JUSTICIA<\/strong><\/span><\/a><\/p>\n<p><strong><span>Atento al resultado de la votaci&oacute;n, el Tribunal Contencioso Administrativo de la Provincia de Jujuy, Sala I,<\/span><\/strong><\/p>\n<p><strong><span>&nbsp;RESUELVE: I.- Rechazar la acci&oacute;n de amparo interpuesta por Mar&iacute;a Eugenia Romero en contra del Estado Provincial y dejar sin efecto la medida cautelar dispuesta a fs. 78.- II. Imponer las costas a la actora que resulta vencida.- III.- Regular los honorarios profesionales en la suma de $ 1.000,00 para la Fiscal&iacute;a de Estado, y en la de $ 350,00 para la Dra. Raquel E. Lezana y en $ 350,00 para el Dr. Cristian Roberto D&aacute;vila, respectivamente, importes estos que devengar&aacute;n intereses seg&uacute;n tasa activa cartera general (pr&eacute;stamos) nominal anual vencida a treinta d&iacute;as del Banco de la Naci&oacute;n Argentina desde la fecha de la presente y hasta el efectivo pago, debiendo adicionarse el impuesto al valor agregado en el caso de que ello as&iacute; correspondiere. IV.- Protocolizar y hacer saber.-<\/span><\/strong><span>&nbsp;<\/span><\/p>\n<p>&nbsp;<\/p>\n<p>&nbsp;Ing&ordm; Navarro Ismael<\/p>\n<p>Integrante del Consejo Directivo<\/p><\/p>\n","protected":false},"excerpt":{"rendered":"<p>SE EXPIDI\u00d3 LA JUSTICIA RESPECTO AL RECURSO DE AMPARO DE LAS ELECCIONES PARA LA RENOVACI\u00d3N DEL CONSEJO DIRECTIVO 2010 SE EXPIDI\u00d3 LA JUSTICIA RESPECTO AL RECURSO DE AMPARO DE ELECCIONES RENOVACI\u00d3N CONSEJO DIRECTIVO 2010 &nbsp;A la comunidad educativa de nuestra instituci&oacute;n y de nuestra ciudad, hacemos conocer elExpediente B -241408-2010 del Tribunal en lo Contencioso &#8230; <a title=\"SE EXPIDI\u00d3 LA JUSTICIA RESPECTO AL RECURSO DE AMPARO DE LAS ELECCIONES PARA LA RENOVACI\u00d3N DEL CONSEJO DIRECTIVO 2010\" class=\"read-more\" href=\"https:\/\/ies9-juj.infd.edu.ar\/sitio\/se-expidio-la-justicia-respecto-al-recurso-de-amparo-de-las-elecciones-para-la-renovacion-del-consejo-directivo-2010\/\" aria-label=\"More on SE EXPIDI\u00d3 LA JUSTICIA RESPECTO AL RECURSO DE AMPARO DE LAS ELECCIONES PARA LA RENOVACI\u00d3N DEL CONSEJO DIRECTIVO 2010\">[+]<\/a><\/p>\n","protected":false},"author":423,"featured_media":0,"comment_status":"open","ping_status":"open","sticky":false,"template":"","format":"standard","meta":[],"categories":[51,50],"tags":[],"acf":[],"_links":{"self":[{"href":"https:\/\/ies9-juj.infd.edu.ar\/sitio\/wp-json\/wp\/v2\/posts\/1285"}],"collection":[{"href":"https:\/\/ies9-juj.infd.edu.ar\/sitio\/wp-json\/wp\/v2\/posts"}],"about":[{"href":"https:\/\/ies9-juj.infd.edu.ar\/sitio\/wp-json\/wp\/v2\/types\/post"}],"author":[{"embeddable":true,"href":"https:\/\/ies9-juj.infd.edu.ar\/sitio\/wp-json\/wp\/v2\/users\/423"}],"replies":[{"embeddable":true,"href":"https:\/\/ies9-juj.infd.edu.ar\/sitio\/wp-json\/wp\/v2\/comments?post=1285"}],"version-history":[{"count":0,"href":"https:\/\/ies9-juj.infd.edu.ar\/sitio\/wp-json\/wp\/v2\/posts\/1285\/revisions"}],"wp:attachment":[{"href":"https:\/\/ies9-juj.infd.edu.ar\/sitio\/wp-json\/wp\/v2\/media?parent=1285"}],"wp:term":[{"taxonomy":"category","embeddable":true,"href":"https:\/\/ies9-juj.infd.edu.ar\/sitio\/wp-json\/wp\/v2\/categories?post=1285"},{"taxonomy":"post_tag","embeddable":true,"href":"https:\/\/ies9-juj.infd.edu.ar\/sitio\/wp-json\/wp\/v2\/tags?post=1285"}],"curies":[{"name":"wp","href":"https:\/\/api.w.org\/{rel}","templated":true}]}}