{"id":1291,"date":"2011-10-04T00:00:00","date_gmt":"2011-10-04T00:00:00","guid":{"rendered":"https:\/\/ies9-juj.infd.edu.ar\/sitio\/primera-jornada-interna-de-investigacion-2\/"},"modified":"2011-10-04T00:00:00","modified_gmt":"2011-10-04T00:00:00","slug":"primera-jornada-interna-de-investigacion-2","status":"publish","type":"post","link":"https:\/\/ies9-juj.infd.edu.ar\/sitio\/primera-jornada-interna-de-investigacion-2\/","title":{"rendered":"Primera jornada interna de investigaci\u00f3n"},"content":{"rendered":"<p class=\"sitio_noticia_volanta\" >\n<h3>Primera jornada interna de investigaci\u00f3n<\/h3>\n<p class=\"sitio_noticia_copete\" > Departamento de Promoci\u00f3n e Investigaci\u00f3n y Desarrollo de la Educaci\u00f3n<\/p>\n<hr class=\"sitio_noticia_contenido\" \/>\n<p >\n<p style=\"text-align: justify;\"><strong>El coordinador del depto, se dirige a Uds a los efectos de invitarlos a participar de la primera jornada interna de investigaci&oacute;n, a realizarse el martes 4 de octubre del cte a&ntilde;o en la sede Escuela Normal a partir de las 19 y por su intermedio a los alumnos de los diferentes cursos que posean espacios relacionados con la investigaci&oacute;n educativa. <\/strong><\/p>\n<p style=\"text-align: justify;\"><strong>Quienes creen que poseen un compromiso institucional con los espacios de investigaci&oacute;n, se les solicita participar en el horario y actividad que se les dar&aacute; a conocer, y si estiman ser merecedores de la correspondiente acreditaci&oacute;n, se les solicita registrar su inscripci&oacute;n con el prof. Pedro Tula o por via electr&oacute;nica, con el pago del arancel para cubrir gastos de emisi&oacute;n.<\/strong><\/p>\n<p style=\"text-align: justify;\"><strong>Desde ya se agradece la colaboraci&oacute;n y la participaci&oacute;n, en este evento que posibilita la reflexi&oacute;n sobre nuestras pr&aacute;cticas y adem&aacute;s brinda a nuestros alumnos la posibilidad de favorecer su formaci&oacute;n profesional. <\/strong><\/p>\n<p><strong>Cordialmente. <\/strong><\/p>\n<p><strong>&nbsp;&nbsp;&nbsp;&nbsp;&nbsp;&nbsp;&nbsp;&nbsp;&nbsp;&nbsp;&nbsp;&nbsp;&nbsp;&nbsp;&nbsp;&nbsp;&nbsp;&nbsp;&nbsp;&nbsp;&nbsp;&nbsp;&nbsp;&nbsp;&nbsp;&nbsp;&nbsp;&nbsp;&nbsp;&nbsp;&nbsp;&nbsp;&nbsp;&nbsp;&nbsp;&nbsp;&nbsp;&nbsp;&nbsp;&nbsp;&nbsp;&nbsp;&nbsp;&nbsp;&nbsp;&nbsp;&nbsp;&nbsp;&nbsp;&nbsp;&nbsp;&nbsp;&nbsp;&nbsp;&nbsp;&nbsp;&nbsp;&nbsp;&nbsp;&nbsp;&nbsp;&nbsp;&nbsp;&nbsp;&nbsp;&nbsp;&nbsp;&nbsp;&nbsp;&nbsp;&nbsp;&nbsp;&nbsp;&nbsp;&nbsp;&nbsp;&nbsp;&nbsp;&nbsp;&nbsp;&nbsp;&nbsp;&nbsp;&nbsp;&nbsp;&nbsp;&nbsp;&nbsp;&nbsp; Lic. Esp. Hugo Figueroa<\/strong><\/p><\/p>\n","protected":false},"excerpt":{"rendered":"<p>Primera jornada interna de investigaci\u00f3n Departamento de Promoci\u00f3n e Investigaci\u00f3n y Desarrollo de la Educaci\u00f3n El coordinador del depto, se dirige a Uds a los efectos de invitarlos a participar de la primera jornada interna de investigaci&oacute;n, a realizarse el martes 4 de octubre del cte a&ntilde;o en la sede Escuela Normal a partir de &#8230; <a title=\"Primera jornada interna de investigaci\u00f3n\" class=\"read-more\" href=\"https:\/\/ies9-juj.infd.edu.ar\/sitio\/primera-jornada-interna-de-investigacion-2\/\" aria-label=\"More on Primera jornada interna de investigaci\u00f3n\">[+]<\/a><\/p>\n","protected":false},"author":423,"featured_media":0,"comment_status":"open","ping_status":"open","sticky":false,"template":"","format":"standard","meta":[],"categories":[51,50],"tags":[],"acf":[],"_links":{"self":[{"href":"https:\/\/ies9-juj.infd.edu.ar\/sitio\/wp-json\/wp\/v2\/posts\/1291"}],"collection":[{"href":"https:\/\/ies9-juj.infd.edu.ar\/sitio\/wp-json\/wp\/v2\/posts"}],"about":[{"href":"https:\/\/ies9-juj.infd.edu.ar\/sitio\/wp-json\/wp\/v2\/types\/post"}],"author":[{"embeddable":true,"href":"https:\/\/ies9-juj.infd.edu.ar\/sitio\/wp-json\/wp\/v2\/users\/423"}],"replies":[{"embeddable":true,"href":"https:\/\/ies9-juj.infd.edu.ar\/sitio\/wp-json\/wp\/v2\/comments?post=1291"}],"version-history":[{"count":0,"href":"https:\/\/ies9-juj.infd.edu.ar\/sitio\/wp-json\/wp\/v2\/posts\/1291\/revisions"}],"wp:attachment":[{"href":"https:\/\/ies9-juj.infd.edu.ar\/sitio\/wp-json\/wp\/v2\/media?parent=1291"}],"wp:term":[{"taxonomy":"category","embeddable":true,"href":"https:\/\/ies9-juj.infd.edu.ar\/sitio\/wp-json\/wp\/v2\/categories?post=1291"},{"taxonomy":"post_tag","embeddable":true,"href":"https:\/\/ies9-juj.infd.edu.ar\/sitio\/wp-json\/wp\/v2\/tags?post=1291"}],"curies":[{"name":"wp","href":"https:\/\/api.w.org\/{rel}","templated":true}]}}