{"id":1324,"date":"2012-10-05T00:00:00","date_gmt":"2012-10-05T00:00:00","guid":{"rendered":"https:\/\/ies9-juj.infd.edu.ar\/sitio\/acto-de-colacion-2012\/"},"modified":"2012-10-05T00:00:00","modified_gmt":"2012-10-05T00:00:00","slug":"acto-de-colacion-2012","status":"publish","type":"post","link":"https:\/\/ies9-juj.infd.edu.ar\/sitio\/acto-de-colacion-2012\/","title":{"rendered":"ACTO DE COLACI\u00d3N 2012"},"content":{"rendered":"<p class=\"sitio_noticia_volanta\" >\n<h3>ACTO DE COLACI\u00d3N 2012<\/h3>\n<p class=\"sitio_noticia_copete\" >Ultimo d\u00eda de inscripci\u00f3n y reuni\u00f3n.<\/p>\n<hr class=\"sitio_noticia_contenido\" \/>\n<p >\n<p style=\"text-align: justify;\"><span>HOY FINALIZA LA INSCRIPCION PARA LOS EGRESADOS EN EL PERIDOD DICIEMBRE 2011 Y SEPTIEMBRE DEL 2012, DIRIGIRSE A SEC.ACADEMICA.<\/span><\/p>\n<p style=\"text-align: justify;\"><span><span>POR OTRO LADO,SE CITA A LOS EGRESADOS INSCRIPTOS PARA PARTICIPAR EN EL ACTO DE COLACI&Oacute;N A UNA REUNI&Oacute;N DE CAR&Aacute;CTER OBLIGATORIA PARA EL D&Iacute;A 09\/10 A HS21:00, EN SEDE DE ESC.T.PEREZ (C.A.I.E)<\/span><\/span><\/p>\n<p style=\"text-align: right;\"><span><span>PROF.LEONIDAS BALCARCE&#8230;&#8230;.SEC.ACADEMICA<\/span><\/span><\/p><\/p>\n","protected":false},"excerpt":{"rendered":"<p>ACTO DE COLACI\u00d3N 2012 Ultimo d\u00eda de inscripci\u00f3n y reuni\u00f3n. HOY FINALIZA LA INSCRIPCION PARA LOS EGRESADOS EN EL PERIDOD DICIEMBRE 2011 Y SEPTIEMBRE DEL 2012, DIRIGIRSE A SEC.ACADEMICA. POR OTRO LADO,SE CITA A LOS EGRESADOS INSCRIPTOS PARA PARTICIPAR EN EL ACTO DE COLACI&Oacute;N A UNA REUNI&Oacute;N DE CAR&Aacute;CTER OBLIGATORIA PARA EL D&Iacute;A 09\/10 A &#8230; <a title=\"ACTO DE COLACI\u00d3N 2012\" class=\"read-more\" href=\"https:\/\/ies9-juj.infd.edu.ar\/sitio\/acto-de-colacion-2012\/\" aria-label=\"More on ACTO DE COLACI\u00d3N 2012\">[+]<\/a><\/p>\n","protected":false},"author":423,"featured_media":0,"comment_status":"open","ping_status":"open","sticky":false,"template":"","format":"standard","meta":[],"categories":[52,50],"tags":[],"acf":[],"_links":{"self":[{"href":"https:\/\/ies9-juj.infd.edu.ar\/sitio\/wp-json\/wp\/v2\/posts\/1324"}],"collection":[{"href":"https:\/\/ies9-juj.infd.edu.ar\/sitio\/wp-json\/wp\/v2\/posts"}],"about":[{"href":"https:\/\/ies9-juj.infd.edu.ar\/sitio\/wp-json\/wp\/v2\/types\/post"}],"author":[{"embeddable":true,"href":"https:\/\/ies9-juj.infd.edu.ar\/sitio\/wp-json\/wp\/v2\/users\/423"}],"replies":[{"embeddable":true,"href":"https:\/\/ies9-juj.infd.edu.ar\/sitio\/wp-json\/wp\/v2\/comments?post=1324"}],"version-history":[{"count":0,"href":"https:\/\/ies9-juj.infd.edu.ar\/sitio\/wp-json\/wp\/v2\/posts\/1324\/revisions"}],"wp:attachment":[{"href":"https:\/\/ies9-juj.infd.edu.ar\/sitio\/wp-json\/wp\/v2\/media?parent=1324"}],"wp:term":[{"taxonomy":"category","embeddable":true,"href":"https:\/\/ies9-juj.infd.edu.ar\/sitio\/wp-json\/wp\/v2\/categories?post=1324"},{"taxonomy":"post_tag","embeddable":true,"href":"https:\/\/ies9-juj.infd.edu.ar\/sitio\/wp-json\/wp\/v2\/tags?post=1324"}],"curies":[{"name":"wp","href":"https:\/\/api.w.org\/{rel}","templated":true}]}}