{"id":785,"date":"2011-05-15T01:17:00","date_gmt":"2011-05-14T22:17:00","guid":{"rendered":"https:\/\/ies9-juj.infd.edu.ar\/sitio\/seminario-virtual-secuencias-didacticas-para-la-formacion-matematica\/"},"modified":"2011-05-15T01:17:00","modified_gmt":"2011-05-14T22:17:00","slug":"seminario-virtual-secuencias-didacticas-para-la-formacion-matematica","status":"publish","type":"post","link":"https:\/\/ies9-juj.infd.edu.ar\/sitio\/seminario-virtual-secuencias-didacticas-para-la-formacion-matematica\/","title":{"rendered":"Seminario Virtual: Secuencias did\u00e1cticas para la formaci\u00f3n matem\u00e1tica"},"content":{"rendered":"<p class=\"ecxMsoNormal\" style=\"text-align: justify; text-indent: -7.1pt; margin-bottom: 0pt; margin-left: 7.1pt; margin-right: 2cm;\"><span style=\"font-family: 'Trebuchet MS'; font-size: 12pt;\">Estimados colegas:<\/span><\/p>\n<p class=\"ecxMsoNormal\" style=\"text-align: justify; text-indent: -7.1pt; margin-bottom: 0pt; margin-left: 7.1pt; margin-right: 2cm;\"><span style=\"font-family: 'Trebuchet MS'; font-size: 12pt;\">&nbsp;<\/span><span style=\"font-family: 'Trebuchet MS'; font-size: 12pt;\">Invitamos a profesores de Matem&aacute;tica y de las Pr&aacute;cticas a sumarse a un nuevo <strong>Seminario Virtual: Secuencias did&aacute;cticas<\/strong> para la formaci&oacute;n matem&aacute;tica del profesor: un nuevo enfoque que propone el INFD como un espacio para pensar en mejoras en la formaci&oacute;n matem&aacute;tica inicial. <\/span><span style=\"font-family: 'Trebuchet MS'; font-size: 12pt;\">&nbsp;<\/span><\/p>\n<p class=\"ecxMsoNormal\" style=\"text-align: justify; text-indent: 70.9pt; margin-right: 2cm;\"><span style=\"font-family: 'Trebuchet MS'; font-size: 12pt;\">Ser&aacute; un espacio desafiante de trabajo en equipo, con un acompa&ntilde;amiento muy cuidado en el que se propondr&aacute; un trabajo alrededor del dise&ntilde;o e implementaci&oacute;n de secuencias did&aacute;cticas que utilicen nuevas tecnolog&iacute;as para potenciar el aprendizaje de Matem&aacute;tica Superior. <\/span><span style=\"font-family: 'Trebuchet MS'; font-size: 12pt;\">&nbsp;<\/span><\/p>\n<p class=\"ecxMsoNormal\" style=\"text-align: justify; text-indent: 70.9pt; margin-right: 2cm;\"><span style=\"font-family: 'Trebuchet MS'; font-size: 12pt;\">Atendiendo al compromiso colectivo por mejorar la ense&ntilde;anza de la Matem&aacute;tica, se advierte como necesario el pensar en c&oacute;mo atender a tales mejoras contemplando nuevas tecnolog&iacute;as, recursos que hoy en d&iacute;a , est&aacute;n entre nosotros. <\/span><\/p>\n<p class=\"ecxMsoNormal\" style=\"text-align: justify; text-indent: 70.9pt; margin-right: 2cm;\"><span style=\"font-family: 'Trebuchet MS'; font-size: 12pt;\">Es una tarea novedosa, que invita a pensar, fundamentar y experimentar. Consideramos que ser&aacute; sumamente valioso para su Instituci&oacute;n tener un equipo de docentes que hayan transitado esta experiencia. Podr&iacute;an conformar un equipo inicial que luego extienda la experiencia en su Instituci&oacute;n.<\/span>&nbsp;<\/p>\n<p class=\"ecxMsoNormal\" style=\"text-align: left; text-indent: 70.9pt; margin-right: 2cm;\"><span style=\"font-family: 'Trebuchet MS'; font-size: 12pt;\">Los detalles acad&eacute;micos y operativos pueden verse en <a href=\"http:\/\/red.infd.edu.ar\/novedades.php\" target=\"_blank\"><span style=\"color: #ff0000; text-decoration: none; text-underline: none;\">http:\/\/red.infd.edu.ar\/novedades.php<\/span><\/a><\/span><\/p>\n<p class=\"ecxMsoNormal\" style=\"text-align: left; text-indent: 70.9pt; margin-right: 2cm;\"><span style=\"font-family: 'Trebuchet MS'; font-size: 12pt;\">&nbsp;<\/span><span style=\"font-family: 'Trebuchet MS'; font-size: 12pt;\">Esperamos que la propuesta resulte interesante, y se sumen a la misma.<\/span><\/p>\n<p class=\"ecxMsoNormal\" style=\"text-align: left; text-indent: 70.9pt; margin-right: 2cm;\"><span style=\"font-family: 'Trebuchet MS'; font-size: 12pt;\">&nbsp;<\/span><span style=\"font-family: 'Trebuchet MS'; color: black; font-size: 12pt;\">Andrea Molinari<\/span><\/p>\n<p class=\"ecxMsoNormal\" style=\"text-align: left; text-indent: 70.9pt; margin-right: 2cm;\"><span style=\"font-family: 'Trebuchet MS';\">Directora Nacional Formaci&oacute;n e Investigaci&oacute;n<\/span><\/p><\/p>\n","protected":false},"excerpt":{"rendered":"<p>Estimados colegas: &nbsp;Invitamos a profesores de Matem&aacute;tica y de las Pr&aacute;cticas a sumarse a un nuevo Seminario Virtual: Secuencias did&aacute;cticas para la formaci&oacute;n matem&aacute;tica del profesor: un nuevo enfoque que propone el INFD como un espacio para pensar en mejoras en la formaci&oacute;n matem&aacute;tica inicial. &nbsp; Ser&aacute; un espacio desafiante de trabajo en equipo, con &#8230; <a title=\"Seminario Virtual: Secuencias did\u00e1cticas para la formaci\u00f3n matem\u00e1tica\" class=\"read-more\" href=\"https:\/\/ies9-juj.infd.edu.ar\/sitio\/seminario-virtual-secuencias-didacticas-para-la-formacion-matematica\/\" aria-label=\"More on Seminario Virtual: Secuencias did\u00e1cticas para la formaci\u00f3n matem\u00e1tica\">[+]<\/a><\/p>\n","protected":false},"author":423,"featured_media":0,"comment_status":"open","ping_status":"open","sticky":false,"template":"","format":"standard","meta":[],"categories":[1],"tags":[],"acf":[],"_links":{"self":[{"href":"https:\/\/ies9-juj.infd.edu.ar\/sitio\/wp-json\/wp\/v2\/posts\/785"}],"collection":[{"href":"https:\/\/ies9-juj.infd.edu.ar\/sitio\/wp-json\/wp\/v2\/posts"}],"about":[{"href":"https:\/\/ies9-juj.infd.edu.ar\/sitio\/wp-json\/wp\/v2\/types\/post"}],"author":[{"embeddable":true,"href":"https:\/\/ies9-juj.infd.edu.ar\/sitio\/wp-json\/wp\/v2\/users\/423"}],"replies":[{"embeddable":true,"href":"https:\/\/ies9-juj.infd.edu.ar\/sitio\/wp-json\/wp\/v2\/comments?post=785"}],"version-history":[{"count":0,"href":"https:\/\/ies9-juj.infd.edu.ar\/sitio\/wp-json\/wp\/v2\/posts\/785\/revisions"}],"wp:attachment":[{"href":"https:\/\/ies9-juj.infd.edu.ar\/sitio\/wp-json\/wp\/v2\/media?parent=785"}],"wp:term":[{"taxonomy":"category","embeddable":true,"href":"https:\/\/ies9-juj.infd.edu.ar\/sitio\/wp-json\/wp\/v2\/categories?post=785"},{"taxonomy":"post_tag","embeddable":true,"href":"https:\/\/ies9-juj.infd.edu.ar\/sitio\/wp-json\/wp\/v2\/tags?post=785"}],"curies":[{"name":"wp","href":"https:\/\/api.w.org\/{rel}","templated":true}]}}