{"id":822,"date":"2011-09-01T15:57:51","date_gmt":"2011-09-01T12:57:51","guid":{"rendered":"https:\/\/ies9-juj.infd.edu.ar\/sitio\/infd-jornadas-de-capacitacion-en-la-prevencion-del-uso-problematico-de-drogas-28-29-y-30-de-noviembre-de-2011\/"},"modified":"2011-09-01T15:57:51","modified_gmt":"2011-09-01T12:57:51","slug":"infd-jornadas-de-capacitacion-en-la-prevencion-del-uso-problematico-de-drogas-28-29-y-30-de-noviembre-de-2011","status":"publish","type":"post","link":"https:\/\/ies9-juj.infd.edu.ar\/sitio\/infd-jornadas-de-capacitacion-en-la-prevencion-del-uso-problematico-de-drogas-28-29-y-30-de-noviembre-de-2011\/","title":{"rendered":"INFD &#8211; \u00abJornadas de Capacitaci\u00f3n en la prevenci\u00f3n del uso problem\u00e1tico de drogas\u00bb  28, 29 y 30 DE NOVIEMBRE DE 2011"},"content":{"rendered":"<p><span style=\"font-family: Arial; font-size: 10pt;\"><span style=\"font-family: Arial; font-size: 10pt;\">Estimadas\/os  Rectoras\/es:<\/span><br \/><span style=\"font-family: Arial; font-size: 10pt;\">&nbsp;<br \/><\/span><\/p>\n<div><span style=\"font-family: Arial; font-size: 10pt;\"> <\/span><\/p>\n<div><span style=\"font-family: Arial; font-size: 10pt;\">Por la presente nos es muy grato invitarlos a  participar de&nbsp;la<strong> CONVOCATORIA <\/strong>para la&nbsp;<strong>Jornadas de  Capacitaci&oacute;n en la prevenci&oacute;n desde el &aacute;mbito educativo del uso problem&aacute;tico de  drogas en el marco del programa Nacional de Educaci&oacute;n y Prevenci&oacute;n de las  Adicciones y el Uso Indebido de Drogas de la Subsecretaria de Equidad y Calidad  Educativa del Ministerio de Educaci&oacute;n de la Naci&oacute;n, junto con el Instituto Gino  Germani de la Facultad de Ciencias Sociales de la UBA y avalado por  UNICEF.<\/strong><\/span><\/div>\n<div>&nbsp;<\/div>\n<div>Esta actividad se desarrollar&aacute;&nbsp; en la Pcia. de&nbsp;Tucum&aacute;n los <strong><span style=\"font-size: 12pt;\">d&iacute;as&nbsp;28,&nbsp;29 y&nbsp;30 de NOVIEMBRE.&nbsp;<\/span><\/strong><\/div>\n<div>&nbsp;<\/div>\n<div><span style=\"font-family: Arial; font-size: 10pt;\">Esta acci&oacute;n est&aacute; dirigida&nbsp;a profesores de  profesorados pero tambi&eacute;n&nbsp;a los&nbsp;alumnos del &uacute;ltimo a&ntilde;o de las carreras  de&nbsp;cualquier&nbsp;nivel y disciplina puesto que ser&aacute;n ellos qui&eacute;nes deber&aacute;n disponer  de recursos t&eacute;cnicos una vez instalados en el mundo del trabajo docente. <\/span><\/div>\n<div>&nbsp;<\/div>\n<div><span style=\"font-family: Arial; font-size: 10pt;\">Dado que disponemos&nbsp;de solo 10 vacantes para  nuestra Provincia&nbsp;(5&nbsp;docentes y 5&nbsp;alumnos) &nbsp;le pedimos que selecciones  un<\/span><span style=\"font-family: Arial; font-size: 10pt;\"> docente y un alumno por instituto;&nbsp;<strong>los  postulantes deberan formular una propuesta de trabajo&nbsp;<\/strong><\/span><span style=\"font-family: Arial; font-size: 10pt;\"><strong>para compartir la informaci&oacute;n y desarrollo  de&nbsp;propuestas de acci&oacute;n sobre esta tem&aacute;tica, destinadas a sus pares que no  tendr&aacute;n la posibilidad de asistir<\/strong>.&nbsp;&nbsp;<span style=\"color: #ff0000;\">Este ser&aacute; el  criterio que esta Direcci&oacute;n tomara para selecci&oacute;n de aspirantes hasta cubrir el  cupo asignado.<\/span><\/span><\/div>\n<div>&nbsp;<\/div>\n<div><span style=\"font-family: Arial; font-size: 10pt;\">La DES&nbsp;tramitar&aacute;&nbsp;los pasajes y vi&aacute;ticos para los  participantes seleccionados desde el lugar de origen hasta el lugar del evento y  su regreso.&nbsp;<\/span><\/div>\n<div>&nbsp;<\/div>\n<div>En archivo adjunto se env&iacute;a la info. del evento y&nbsp; ficha de inscripci&oacute;n,  que deber&aacute;n llenar y reenviar&nbsp;junto con las propuestas a este correo&nbsp;<a href=\"mailto:superiorjujuy@hotmail.com\">superiorjujuy@hotmail.com<\/a>,<strong>&nbsp;hasta  el d&iacute;a 30 de septiembre indefectiblemente.<\/strong><\/div>\n<div>&nbsp;<\/div>\n<div>Por cualquier aclaraci&oacute;n, no duden en escribirnos.Cordialmente.<\/div>\n<div>&nbsp;<\/div>\n<div>Esteban Galarse<\/div>\n<div>&nbsp;D.E.S<\/div>\n<\/div>\n<p><\/span><\/p>\n","protected":false},"excerpt":{"rendered":"<p>Estimadas\/os Rectoras\/es:&nbsp; Por la presente nos es muy grato invitarlos a participar de&nbsp;la CONVOCATORIA para la&nbsp;Jornadas de Capacitaci&oacute;n en la prevenci&oacute;n desde el &aacute;mbito educativo del uso problem&aacute;tico de drogas en el marco del programa Nacional de Educaci&oacute;n y Prevenci&oacute;n de las Adicciones y el Uso Indebido de Drogas de la Subsecretaria de Equidad y &#8230; <a title=\"INFD &#8211; \u00abJornadas de Capacitaci\u00f3n en la prevenci\u00f3n del uso problem\u00e1tico de drogas\u00bb  28, 29 y 30 DE NOVIEMBRE DE 2011\" class=\"read-more\" href=\"https:\/\/ies9-juj.infd.edu.ar\/sitio\/infd-jornadas-de-capacitacion-en-la-prevencion-del-uso-problematico-de-drogas-28-29-y-30-de-noviembre-de-2011\/\" aria-label=\"More on INFD &#8211; \u00abJornadas de Capacitaci\u00f3n en la prevenci\u00f3n del uso problem\u00e1tico de drogas\u00bb  28, 29 y 30 DE NOVIEMBRE DE 2011\">[+]<\/a><\/p>\n","protected":false},"author":423,"featured_media":0,"comment_status":"open","ping_status":"open","sticky":false,"template":"","format":"standard","meta":[],"categories":[1],"tags":[],"acf":[],"_links":{"self":[{"href":"https:\/\/ies9-juj.infd.edu.ar\/sitio\/wp-json\/wp\/v2\/posts\/822"}],"collection":[{"href":"https:\/\/ies9-juj.infd.edu.ar\/sitio\/wp-json\/wp\/v2\/posts"}],"about":[{"href":"https:\/\/ies9-juj.infd.edu.ar\/sitio\/wp-json\/wp\/v2\/types\/post"}],"author":[{"embeddable":true,"href":"https:\/\/ies9-juj.infd.edu.ar\/sitio\/wp-json\/wp\/v2\/users\/423"}],"replies":[{"embeddable":true,"href":"https:\/\/ies9-juj.infd.edu.ar\/sitio\/wp-json\/wp\/v2\/comments?post=822"}],"version-history":[{"count":0,"href":"https:\/\/ies9-juj.infd.edu.ar\/sitio\/wp-json\/wp\/v2\/posts\/822\/revisions"}],"wp:attachment":[{"href":"https:\/\/ies9-juj.infd.edu.ar\/sitio\/wp-json\/wp\/v2\/media?parent=822"}],"wp:term":[{"taxonomy":"category","embeddable":true,"href":"https:\/\/ies9-juj.infd.edu.ar\/sitio\/wp-json\/wp\/v2\/categories?post=822"},{"taxonomy":"post_tag","embeddable":true,"href":"https:\/\/ies9-juj.infd.edu.ar\/sitio\/wp-json\/wp\/v2\/tags?post=822"}],"curies":[{"name":"wp","href":"https:\/\/api.w.org\/{rel}","templated":true}]}}