{"id":825,"date":"2011-09-03T14:34:13","date_gmt":"2011-09-03T11:34:13","guid":{"rendered":"https:\/\/ies9-juj.infd.edu.ar\/sitio\/tramite-de-notificacion-formal-del-amparo-eleccion-2010\/"},"modified":"2011-09-03T14:34:13","modified_gmt":"2011-09-03T11:34:13","slug":"tramite-de-notificacion-formal-del-amparo-eleccion-2010","status":"publish","type":"post","link":"https:\/\/ies9-juj.infd.edu.ar\/sitio\/tramite-de-notificacion-formal-del-amparo-eleccion-2010\/","title":{"rendered":"TR\u00c1MITE DE NOTIFICACI\u00d3N FORMAL DEL AMPARO ELECCI\u00d3N 2010"},"content":{"rendered":"<p>&nbsp;<strong><em><span style=\"text-decoration: underline;\">ESTIMADOS COLEGAS:<\/span><\/em><\/strong><\/p>\n<p><strong><br \/>INFORMO A UDS. QUE,<\/strong><\/p>\n<p><strong>&nbsp;<\/strong><strong><em>EL EQUIPO DE GESTI&Oacute;N SE ENCUENTRA GESTIONANDO LA NOTIFICACI&Oacute;N FORMAL POR PARTE DE LAS AUTORIDADES JUDICIALES Y DE LA DIRECCI&Ograve;N DE EDUCACI&Oacute;N SUPERIOR DEL DICTAMEN JUDICIAL POR EL AMPARO INTERPUESTO EL 4\/8\/2010, MEDIANTE EL CUAL SE SUSPENDIERON LAS ELECCIONES DEL 5\/8\/2010. LA DECISI&Ograve;N DE LOS JUECES YA ES P&Uacute;BLICA.&nbsp;<br \/>ES INTENCI&Oacute;N DE LAS AUTORIDADES DEL IES 9 REACTIVAR EL PROCESO ELECCIONARIO PARA CONTAR CON EL CONSEJO DIRECTIVO SEG&Uacute;N DECRETO 7320.<\/em><\/strong><\/p>\n<p><strong>ATENTAMENTE&hellip;&hellip;&hellip;LIC. JORGELINA SERRAT DE ALCARAZ&hellip;&hellip;.RECTORA IES9<\/strong><\/p><\/p>\n","protected":false},"excerpt":{"rendered":"<p>&nbsp;ESTIMADOS COLEGAS: INFORMO A UDS. QUE, &nbsp;EL EQUIPO DE GESTI&Oacute;N SE ENCUENTRA GESTIONANDO LA NOTIFICACI&Oacute;N FORMAL POR PARTE DE LAS AUTORIDADES JUDICIALES Y DE LA DIRECCI&Ograve;N DE EDUCACI&Oacute;N SUPERIOR DEL DICTAMEN JUDICIAL POR EL AMPARO INTERPUESTO EL 4\/8\/2010, MEDIANTE EL CUAL SE SUSPENDIERON LAS ELECCIONES DEL 5\/8\/2010. LA DECISI&Ograve;N DE LOS JUECES YA ES P&Uacute;BLICA.&nbsp;ES &#8230; <a title=\"TR\u00c1MITE DE NOTIFICACI\u00d3N FORMAL DEL AMPARO ELECCI\u00d3N 2010\" class=\"read-more\" href=\"https:\/\/ies9-juj.infd.edu.ar\/sitio\/tramite-de-notificacion-formal-del-amparo-eleccion-2010\/\" aria-label=\"More on TR\u00c1MITE DE NOTIFICACI\u00d3N FORMAL DEL AMPARO ELECCI\u00d3N 2010\">[+]<\/a><\/p>\n","protected":false},"author":423,"featured_media":0,"comment_status":"open","ping_status":"open","sticky":false,"template":"","format":"standard","meta":[],"categories":[1],"tags":[],"acf":[],"_links":{"self":[{"href":"https:\/\/ies9-juj.infd.edu.ar\/sitio\/wp-json\/wp\/v2\/posts\/825"}],"collection":[{"href":"https:\/\/ies9-juj.infd.edu.ar\/sitio\/wp-json\/wp\/v2\/posts"}],"about":[{"href":"https:\/\/ies9-juj.infd.edu.ar\/sitio\/wp-json\/wp\/v2\/types\/post"}],"author":[{"embeddable":true,"href":"https:\/\/ies9-juj.infd.edu.ar\/sitio\/wp-json\/wp\/v2\/users\/423"}],"replies":[{"embeddable":true,"href":"https:\/\/ies9-juj.infd.edu.ar\/sitio\/wp-json\/wp\/v2\/comments?post=825"}],"version-history":[{"count":0,"href":"https:\/\/ies9-juj.infd.edu.ar\/sitio\/wp-json\/wp\/v2\/posts\/825\/revisions"}],"wp:attachment":[{"href":"https:\/\/ies9-juj.infd.edu.ar\/sitio\/wp-json\/wp\/v2\/media?parent=825"}],"wp:term":[{"taxonomy":"category","embeddable":true,"href":"https:\/\/ies9-juj.infd.edu.ar\/sitio\/wp-json\/wp\/v2\/categories?post=825"},{"taxonomy":"post_tag","embeddable":true,"href":"https:\/\/ies9-juj.infd.edu.ar\/sitio\/wp-json\/wp\/v2\/tags?post=825"}],"curies":[{"name":"wp","href":"https:\/\/api.w.org\/{rel}","templated":true}]}}