{"id":841,"date":"2011-09-22T18:11:18","date_gmt":"2011-09-22T15:11:18","guid":{"rendered":"https:\/\/ies9-juj.infd.edu.ar\/sitio\/ii-seminario-provincial-de-metodologia-de-la-ensenanza-del-ingles\/"},"modified":"2011-09-22T18:11:18","modified_gmt":"2011-09-22T15:11:18","slug":"ii-seminario-provincial-de-metodologia-de-la-ensenanza-del-ingles","status":"publish","type":"post","link":"https:\/\/ies9-juj.infd.edu.ar\/sitio\/ii-seminario-provincial-de-metodologia-de-la-ensenanza-del-ingles\/","title":{"rendered":"II Seminario Provincial de Metodolog\u00eda de la Ense\u00f1anza del Ingl\u00e9s"},"content":{"rendered":"<p style=\"text-align: center;\"><a href=\"http:\/\/www.mejujuy.gov.ar\/blogs\/ifd9\/wp-content\/uploads\/2011\/09\/Poster-II-Seminario-Provincial-de-Met.pptx\"><\/a><strong><a href=\"http:\/\/www.mejujuy.gov.ar\/blogs\/ifd9\/wp-content\/uploads\/2011\/09\/Poster-II-Seminario-Provincial-de-Met.pptx\">II Seminario Provincial de Metodolog&iacute;a de la Ense&ntilde;anza del Ingl&eacute;s<\/a><\/strong><\/p>\n<p style=\"text-align: center;\"><strong>&ldquo;Inteligencias M&ugrave;ltiples en la Pr&agrave;ctica<span style=\"text-decoration: underline;\"> <\/span>Diaria&rdquo;<\/strong><\/p>\n<p><strong>27 Septiembre &nbsp;2011&ndash; San Pedro de Jujuy<\/strong><\/p>\n<p><strong>20 hs&nbsp;c&agrave;t. con&nbsp;evaluaci&ograve;n-&nbsp;Res. IES N&ordf; 9-&nbsp;Dpto. Form. Inicial<\/strong><\/p>\n<p><strong>Venue: IES 9 &ndash; P&agrave;terson 271 &ndash; San Pedro de Jujuy .&nbsp; &nbsp;19 a 21.00<\/strong><\/p>\n<p>&nbsp;<strong>Registration:&nbsp;<\/strong><\/p>\n<p><strong>&#8211; IES 9: Prof. Marcela Burgos Pawlak M.A&nbsp;&nbsp;&nbsp;<a href=\"mailto:ieli@arnet.com.ar\">ieli@arnet.com.ar<\/a>&nbsp;&nbsp;&nbsp;\/ 03884-15407472&nbsp;<\/strong>&nbsp;<\/p>\n<p><strong>&#8211; IES 10:&nbsp;Lic. Marcela Torres<\/strong><\/p>\n<p><strong>-IES 6:&nbsp;Sede&nbsp;El Carmen: Prof. Marina Adaro<\/strong><\/p>\n<p><strong>&#8211; IES 6: Sede&nbsp;Perico: Prof. Patricia Horihuela .<\/strong><\/p>\n<p><strong>&#8211;&nbsp; San Salvador de Jujuy:&nbsp;Prof. Mabel Rodriguez &ndash; Inst. Hands-on-Learning- 0388-4229135<\/strong><\/p><\/p>\n","protected":false},"excerpt":{"rendered":"<p>II Seminario Provincial de Metodolog&iacute;a de la Ense&ntilde;anza del Ingl&eacute;s &ldquo;Inteligencias M&ugrave;ltiples en la Pr&agrave;ctica Diaria&rdquo; 27 Septiembre &nbsp;2011&ndash; San Pedro de Jujuy 20 hs&nbsp;c&agrave;t. con&nbsp;evaluaci&ograve;n-&nbsp;Res. IES N&ordf; 9-&nbsp;Dpto. Form. Inicial Venue: IES 9 &ndash; P&agrave;terson 271 &ndash; San Pedro de Jujuy .&nbsp; &nbsp;19 a 21.00 &nbsp;Registration:&nbsp; &#8211; IES 9: Prof. Marcela Burgos Pawlak M.A&nbsp;&nbsp;&nbsp;ieli@arnet.com.ar&nbsp;&nbsp;&nbsp;\/ &#8230; <a title=\"II Seminario Provincial de Metodolog\u00eda de la Ense\u00f1anza del Ingl\u00e9s\" class=\"read-more\" href=\"https:\/\/ies9-juj.infd.edu.ar\/sitio\/ii-seminario-provincial-de-metodologia-de-la-ensenanza-del-ingles\/\" aria-label=\"More on II Seminario Provincial de Metodolog\u00eda de la Ense\u00f1anza del Ingl\u00e9s\">[+]<\/a><\/p>\n","protected":false},"author":423,"featured_media":0,"comment_status":"open","ping_status":"open","sticky":false,"template":"","format":"standard","meta":[],"categories":[1],"tags":[],"acf":[],"_links":{"self":[{"href":"https:\/\/ies9-juj.infd.edu.ar\/sitio\/wp-json\/wp\/v2\/posts\/841"}],"collection":[{"href":"https:\/\/ies9-juj.infd.edu.ar\/sitio\/wp-json\/wp\/v2\/posts"}],"about":[{"href":"https:\/\/ies9-juj.infd.edu.ar\/sitio\/wp-json\/wp\/v2\/types\/post"}],"author":[{"embeddable":true,"href":"https:\/\/ies9-juj.infd.edu.ar\/sitio\/wp-json\/wp\/v2\/users\/423"}],"replies":[{"embeddable":true,"href":"https:\/\/ies9-juj.infd.edu.ar\/sitio\/wp-json\/wp\/v2\/comments?post=841"}],"version-history":[{"count":0,"href":"https:\/\/ies9-juj.infd.edu.ar\/sitio\/wp-json\/wp\/v2\/posts\/841\/revisions"}],"wp:attachment":[{"href":"https:\/\/ies9-juj.infd.edu.ar\/sitio\/wp-json\/wp\/v2\/media?parent=841"}],"wp:term":[{"taxonomy":"category","embeddable":true,"href":"https:\/\/ies9-juj.infd.edu.ar\/sitio\/wp-json\/wp\/v2\/categories?post=841"},{"taxonomy":"post_tag","embeddable":true,"href":"https:\/\/ies9-juj.infd.edu.ar\/sitio\/wp-json\/wp\/v2\/tags?post=841"}],"curies":[{"name":"wp","href":"https:\/\/api.w.org\/{rel}","templated":true}]}}