{"id":941,"date":"2012-05-31T03:51:01","date_gmt":"2012-05-31T00:51:01","guid":{"rendered":"https:\/\/ies9-juj.infd.edu.ar\/sitio\/curso-tics-tecnologia-de-la-informacion-y-la-comunicacion-aplicada-a-la-educacion\/"},"modified":"2012-05-31T03:51:01","modified_gmt":"2012-05-31T00:51:01","slug":"curso-tics-tecnologia-de-la-informacion-y-la-comunicacion-aplicada-a-la-educacion","status":"publish","type":"post","link":"https:\/\/ies9-juj.infd.edu.ar\/sitio\/curso-tics-tecnologia-de-la-informacion-y-la-comunicacion-aplicada-a-la-educacion\/","title":{"rendered":"CURSO : TICS (Tecnolog\u00eda de la Informaci\u00f3n y la Comunicaci\u00f3n aplicada a la Educaci\u00f3n)"},"content":{"rendered":"<p style=\"text-align: center;\"><span style=\"font-size: 14pt;\">Instituto de Educaci&oacute;n Superior N&deg; 2<\/span><\/p>\n<p><span style=\"font-size: 12pt;\">DEPARTAMENTO DE CAPACITACI&Oacute;NACTUALIZACI&Oacute;N Y PERFECCIONAMIENTO DOCENTE<\/span><\/p>\n<p><span style=\"font-size: 12pt;\">CURSO : TICS (Tecnolog&iacute;a de la Informaci&oacute;n y la Comunicaci&oacute;n aplicada a la Educaci&oacute;n)<\/span><\/p>\n<p><span style=\"font-size: 12pt;\">60 Horas Catedras\u00bbCON RESOLUCI&Oacute;N &#8211; PUNTAJE DOCENTE\u00bb<\/span><\/p>\n<p><span style=\"font-size: 12pt;\">Fecha : 9 y 16 de junio..- Horarios: COMISI&Oacute;N 1: 8:30 &#8211; 13:00&nbsp;&nbsp; &nbsp; &nbsp; &nbsp; &nbsp; &nbsp; &nbsp; &nbsp; &nbsp; &nbsp; &nbsp; &nbsp; &nbsp; &nbsp; COMISI&Oacute;N 2: 14:30 &#8211; 19:00.- <\/span><\/p>\n<p><span style=\"font-size: 12pt;\">Lugar de dictado: Escuela MONTEAGUDO (San Martin 1070). San Salvador de Jujuy..- <\/span><\/p>\n<p><span style=\"font-size: 12pt;\">Destinatarios: Docentes de todos los niveles..- Costo del curso: $150..- Materiales: Netbook o Notebook (llevarlas cargadas) y pendrivers (si dispone de esto)&nbsp;.- <\/span><\/p>\n<p><span style=\"font-size: 12pt;\">Informes pre-inscripciones<\/span><\/p>\n<p><span style=\"font-size: 12pt;\">capacitacion2012jujuy@gmail.comTel: (0388) 154757141<\/span><\/p><\/p>\n","protected":false},"excerpt":{"rendered":"<p>Instituto de Educaci&oacute;n Superior N&deg; 2 DEPARTAMENTO DE CAPACITACI&Oacute;NACTUALIZACI&Oacute;N Y PERFECCIONAMIENTO DOCENTE CURSO : TICS (Tecnolog&iacute;a de la Informaci&oacute;n y la Comunicaci&oacute;n aplicada a la Educaci&oacute;n) 60 Horas Catedras\u00bbCON RESOLUCI&Oacute;N &#8211; PUNTAJE DOCENTE\u00bb Fecha : 9 y 16 de junio..- Horarios: COMISI&Oacute;N 1: 8:30 &#8211; 13:00&nbsp;&nbsp; &nbsp; &nbsp; &nbsp; &nbsp; &nbsp; &nbsp; &nbsp; &nbsp; &nbsp; &#8230; <a title=\"CURSO : TICS (Tecnolog\u00eda de la Informaci\u00f3n y la Comunicaci\u00f3n aplicada a la Educaci\u00f3n)\" class=\"read-more\" href=\"https:\/\/ies9-juj.infd.edu.ar\/sitio\/curso-tics-tecnologia-de-la-informacion-y-la-comunicacion-aplicada-a-la-educacion\/\" aria-label=\"More on CURSO : TICS (Tecnolog\u00eda de la Informaci\u00f3n y la Comunicaci\u00f3n aplicada a la Educaci\u00f3n)\">[+]<\/a><\/p>\n","protected":false},"author":423,"featured_media":0,"comment_status":"open","ping_status":"open","sticky":false,"template":"","format":"standard","meta":[],"categories":[1],"tags":[],"acf":[],"_links":{"self":[{"href":"https:\/\/ies9-juj.infd.edu.ar\/sitio\/wp-json\/wp\/v2\/posts\/941"}],"collection":[{"href":"https:\/\/ies9-juj.infd.edu.ar\/sitio\/wp-json\/wp\/v2\/posts"}],"about":[{"href":"https:\/\/ies9-juj.infd.edu.ar\/sitio\/wp-json\/wp\/v2\/types\/post"}],"author":[{"embeddable":true,"href":"https:\/\/ies9-juj.infd.edu.ar\/sitio\/wp-json\/wp\/v2\/users\/423"}],"replies":[{"embeddable":true,"href":"https:\/\/ies9-juj.infd.edu.ar\/sitio\/wp-json\/wp\/v2\/comments?post=941"}],"version-history":[{"count":0,"href":"https:\/\/ies9-juj.infd.edu.ar\/sitio\/wp-json\/wp\/v2\/posts\/941\/revisions"}],"wp:attachment":[{"href":"https:\/\/ies9-juj.infd.edu.ar\/sitio\/wp-json\/wp\/v2\/media?parent=941"}],"wp:term":[{"taxonomy":"category","embeddable":true,"href":"https:\/\/ies9-juj.infd.edu.ar\/sitio\/wp-json\/wp\/v2\/categories?post=941"},{"taxonomy":"post_tag","embeddable":true,"href":"https:\/\/ies9-juj.infd.edu.ar\/sitio\/wp-json\/wp\/v2\/tags?post=941"}],"curies":[{"name":"wp","href":"https:\/\/api.w.org\/{rel}","templated":true}]}}