{"id":977,"date":"2012-09-06T12:27:30","date_gmt":"2012-09-06T09:27:30","guid":{"rendered":"https:\/\/ies9-juj.infd.edu.ar\/sitio\/seminario-fe-y-razon-ante-el-desafio-de-las-nuevas-ideologias\/"},"modified":"2012-09-06T12:27:30","modified_gmt":"2012-09-06T09:27:30","slug":"seminario-fe-y-razon-ante-el-desafio-de-las-nuevas-ideologias","status":"publish","type":"post","link":"https:\/\/ies9-juj.infd.edu.ar\/sitio\/seminario-fe-y-razon-ante-el-desafio-de-las-nuevas-ideologias\/","title":{"rendered":"Seminario: \u00abFe y Raz\u00f3n ante el desaf\u00edo de las nuevas ideolog\u00edas\u00bb"},"content":{"rendered":"<p>Estimados Colegas:<\/p>\n<div>Los invito a participar del espacio de formaci&oacute;n que figura en el archivo  adjunto. Seminario: \u00abFe y Raz&oacute;n ante el desaf&iacute;o de las nuevas ideolog&iacute;as\u00bb,  &nbsp;espacio interesante de formaci&oacute;n para nosotros como docentes que &nbsp;nos toca  tener una mirada amplia de las cosas y los fundamentos para exponerlas.<\/div>\n<div>Los saludo atentamente.<\/div>\n<div>\n<div>Dalinda Aguilar<\/div>\n<div>Rectora IES N&ordm; 8<\/div>\n<\/div>\n<div><strong><span style=\"font-size: 12pt;\"><a class=\"LinkModi\" title=\"https:\/\/ies9-juj.infd.edu.ar\/aula\/archivos\/repositorio\/\/0\/67\/Seminario_Bilyk.jpg\" href=\"https:\/\/ies9-juj.infd.edu.ar\/aula\/archivos\/repositorio\/\/0\/67\/Seminario_Bilyk.jpg\" target=\"_NEW\">Link Afiche de Promoci&oacute;n<\/a><\/span><\/strong><\/div><\/p>\n","protected":false},"excerpt":{"rendered":"<p>Estimados Colegas: Los invito a participar del espacio de formaci&oacute;n que figura en el archivo adjunto. Seminario: \u00abFe y Raz&oacute;n ante el desaf&iacute;o de las nuevas ideolog&iacute;as\u00bb, &nbsp;espacio interesante de formaci&oacute;n para nosotros como docentes que &nbsp;nos toca tener una mirada amplia de las cosas y los fundamentos para exponerlas. Los saludo atentamente. Dalinda Aguilar &#8230; <a title=\"Seminario: \u00abFe y Raz\u00f3n ante el desaf\u00edo de las nuevas ideolog\u00edas\u00bb\" class=\"read-more\" href=\"https:\/\/ies9-juj.infd.edu.ar\/sitio\/seminario-fe-y-razon-ante-el-desafio-de-las-nuevas-ideologias\/\" aria-label=\"More on Seminario: \u00abFe y Raz\u00f3n ante el desaf\u00edo de las nuevas ideolog\u00edas\u00bb\">[+]<\/a><\/p>\n","protected":false},"author":423,"featured_media":0,"comment_status":"open","ping_status":"open","sticky":false,"template":"","format":"standard","meta":[],"categories":[1],"tags":[42],"acf":[],"_links":{"self":[{"href":"https:\/\/ies9-juj.infd.edu.ar\/sitio\/wp-json\/wp\/v2\/posts\/977"}],"collection":[{"href":"https:\/\/ies9-juj.infd.edu.ar\/sitio\/wp-json\/wp\/v2\/posts"}],"about":[{"href":"https:\/\/ies9-juj.infd.edu.ar\/sitio\/wp-json\/wp\/v2\/types\/post"}],"author":[{"embeddable":true,"href":"https:\/\/ies9-juj.infd.edu.ar\/sitio\/wp-json\/wp\/v2\/users\/423"}],"replies":[{"embeddable":true,"href":"https:\/\/ies9-juj.infd.edu.ar\/sitio\/wp-json\/wp\/v2\/comments?post=977"}],"version-history":[{"count":0,"href":"https:\/\/ies9-juj.infd.edu.ar\/sitio\/wp-json\/wp\/v2\/posts\/977\/revisions"}],"wp:attachment":[{"href":"https:\/\/ies9-juj.infd.edu.ar\/sitio\/wp-json\/wp\/v2\/media?parent=977"}],"wp:term":[{"taxonomy":"category","embeddable":true,"href":"https:\/\/ies9-juj.infd.edu.ar\/sitio\/wp-json\/wp\/v2\/categories?post=977"},{"taxonomy":"post_tag","embeddable":true,"href":"https:\/\/ies9-juj.infd.edu.ar\/sitio\/wp-json\/wp\/v2\/tags?post=977"}],"curies":[{"name":"wp","href":"https:\/\/api.w.org\/{rel}","templated":true}]}}